{"id":733,"date":"2025-01-14T21:52:50","date_gmt":"2025-01-14T21:52:50","guid":{"rendered":"https:\/\/radioomega.com.ar\/?p=733"},"modified":"2025-01-14T21:52:54","modified_gmt":"2025-01-14T21:52:54","slug":"matzkin-ofrecio-la-primera-conferencia-de-prensa-del-2025","status":"publish","type":"post","link":"https:\/\/radioomega.com.ar\/?p=733","title":{"rendered":"Matzkin ofreci\u00f3 la primera conferencia de prensa del 2025"},"content":{"rendered":"\n<p>Con palabras de condolencia y reconocimiento hacia el periodista Carlos Riedel, el socio fundador del medio local \u00abEnlace Cr\u00edtico\u00bb, quien falleci\u00f3 la semana pasada tras una enfermedad, el intendente Marcelo Matzkin se dispuso a contestar las consultas de los periodistas. Dio algunas explicaciones sobre las obras que encar\u00f3 la municipalidad para solucionar las demandas de agua potable en varios barrios de Z\u00e1rate. Entre otros temas tambi\u00e9n habl\u00f3 sobre la refuncionalizacion de la terminal ferrovial y sobre la puesta en marcha de la onda verde en avenidas como Anta, Ant\u00e1rtida Argentina y Rivadavia. Explic\u00f3 los alcances de la moratoria impositiva que su gobierno habilit\u00f3 por los pr\u00f3ximos 12 meses, y se refiri\u00f3 a las dificultades que atraviesan los municipios por recortes y demoras en el env\u00edo de fondos coparticipables.<\/p>\n\n\n\n<figure class=\"wp-block-audio\"><audio controls src=\"https:\/\/radioomega.com.ar\/wp-content\/uploads\/2025\/01\/Conferencia-de-Marcelo-Matzkin.mp3\"><\/audio><\/figure>\n","protected":false},"excerpt":{"rendered":"<p>Con palabras de condolencia y reconocimiento hacia el periodista Carlos Riedel, el socio fundador del medio local \u00abEnlace Cr\u00edtico\u00bb, quien falleci\u00f3 la semana pasada tras una enfermedad, el intendente Marcelo<\/p>\n","protected":false},"author":1,"featured_media":729,"comment_status":"open","ping_status":"open","sticky":false,"template":"","format":"standard","meta":{"footnotes":""},"categories":[2],"tags":[],"class_list":["post-733","post","type-post","status-publish","format-standard","has-post-thumbnail","hentry","category-noticias"],"_links":{"self":[{"href":"https:\/\/radioomega.com.ar\/index.php?rest_route=\/wp\/v2\/posts\/733","targetHints":{"allow":["GET"]}}],"collection":[{"href":"https:\/\/radioomega.com.ar\/index.php?rest_route=\/wp\/v2\/posts"}],"about":[{"href":"https:\/\/radioomega.com.ar\/index.php?rest_route=\/wp\/v2\/types\/post"}],"author":[{"embeddable":true,"href":"https:\/\/radioomega.com.ar\/index.php?rest_route=\/wp\/v2\/users\/1"}],"replies":[{"embeddable":true,"href":"https:\/\/radioomega.com.ar\/index.php?rest_route=%2Fwp%2Fv2%2Fcomments&post=733"}],"version-history":[{"count":2,"href":"https:\/\/radioomega.com.ar\/index.php?rest_route=\/wp\/v2\/posts\/733\/revisions"}],"predecessor-version":[{"id":743,"href":"https:\/\/radioomega.com.ar\/index.php?rest_route=\/wp\/v2\/posts\/733\/revisions\/743"}],"wp:featuredmedia":[{"embeddable":true,"href":"https:\/\/radioomega.com.ar\/index.php?rest_route=\/wp\/v2\/media\/729"}],"wp:attachment":[{"href":"https:\/\/radioomega.com.ar\/index.php?rest_route=%2Fwp%2Fv2%2Fmedia&parent=733"}],"wp:term":[{"taxonomy":"category","embeddable":true,"href":"https:\/\/radioomega.com.ar\/index.php?rest_route=%2Fwp%2Fv2%2Fcategories&post=733"},{"taxonomy":"post_tag","embeddable":true,"href":"https:\/\/radioomega.com.ar\/index.php?rest_route=%2Fwp%2Fv2%2Ftags&post=733"}],"curies":[{"name":"wp","href":"https:\/\/api.w.org\/{rel}","templated":true}]}}